{"id":103,"date":"2022-04-02T19:39:43","date_gmt":"2022-04-02T19:39:43","guid":{"rendered":"https:\/\/www.talkingpeople.es\/blog\/?p=103"},"modified":"2022-04-02T23:27:58","modified_gmt":"2022-04-02T23:27:58","slug":"workshops-i-can-put-together","status":"publish","type":"post","link":"https:\/\/www.talkingpeople.es\/blog\/2022\/04\/02\/workshops-i-can-put-together\/","title":{"rendered":"Workshops I can create!"},"content":{"rendered":"\n<p>I have created a page here (see above) where you can read my brainstorming on the kind of workshops I can give, and where you can post your requests, too.<\/p>\n\n\n\n<p>He creado una p\u00e1gina aqu\u00ed (ver arriba) donde podr\u00e1s ver mi lluvia de ideas sobre el tipo de talleres que puedo dar y donde puedes postear tus peticiones tambi\u00e9n.<\/p>\n\n\n\n<p>Direct link, anyway: <a href=\"https:\/\/www.talkingpeople.es\/blog\/requests-for-workshops\/\" data-type=\"URL\" data-id=\"https:\/\/www.talkingpeople.es\/blog\/requests-for-workshops\/\">P\u00e1gina con ideas de talleres en el blog de talkingpeople.es <\/a><\/p>\n","protected":false},"excerpt":{"rendered":"<p>I have created a page here (see above) where you can read my brainstorming on the kind of workshops I can give, and where you can post your requests, too. He creado una p\u00e1gina aqu\u00ed (ver arriba) donde podr\u00e1s ver &hellip; <a href=\"https:\/\/www.talkingpeople.es\/blog\/2022\/04\/02\/workshops-i-can-put-together\/\">Continue reading <span class=\"meta-nav\">&rarr;<\/span><\/a><\/p>\n","protected":false},"author":1,"featured_media":0,"comment_status":"closed","ping_status":"open","sticky":false,"template":"","format":"standard","meta":{"footnotes":""},"categories":[1],"tags":[],"class_list":["post-103","post","type-post","status-publish","format-standard","hentry","category-news"],"_links":{"self":[{"href":"https:\/\/www.talkingpeople.es\/blog\/wp-json\/wp\/v2\/posts\/103","targetHints":{"allow":["GET"]}}],"collection":[{"href":"https:\/\/www.talkingpeople.es\/blog\/wp-json\/wp\/v2\/posts"}],"about":[{"href":"https:\/\/www.talkingpeople.es\/blog\/wp-json\/wp\/v2\/types\/post"}],"author":[{"embeddable":true,"href":"https:\/\/www.talkingpeople.es\/blog\/wp-json\/wp\/v2\/users\/1"}],"replies":[{"embeddable":true,"href":"https:\/\/www.talkingpeople.es\/blog\/wp-json\/wp\/v2\/comments?post=103"}],"version-history":[{"count":4,"href":"https:\/\/www.talkingpeople.es\/blog\/wp-json\/wp\/v2\/posts\/103\/revisions"}],"predecessor-version":[{"id":120,"href":"https:\/\/www.talkingpeople.es\/blog\/wp-json\/wp\/v2\/posts\/103\/revisions\/120"}],"wp:attachment":[{"href":"https:\/\/www.talkingpeople.es\/blog\/wp-json\/wp\/v2\/media?parent=103"}],"wp:term":[{"taxonomy":"category","embeddable":true,"href":"https:\/\/www.talkingpeople.es\/blog\/wp-json\/wp\/v2\/categories?post=103"},{"taxonomy":"post_tag","embeddable":true,"href":"https:\/\/www.talkingpeople.es\/blog\/wp-json\/wp\/v2\/tags?post=103"}],"curies":[{"name":"wp","href":"https:\/\/api.w.org\/{rel}","templated":true}]}}